{"id":16946,"date":"2026-01-20T06:00:21","date_gmt":"2026-01-20T05:00:21","guid":{"rendered":"https:\/\/via-egeria.com\/?p=16946"},"modified":"2026-01-11T16:04:13","modified_gmt":"2026-01-11T15:04:13","slug":"el-ano-nuevo-y-la-concepcion-biblica-del-tiempo","status":"publish","type":"post","link":"https:\/\/via-egeria.com\/es\/el-ano-nuevo-y-la-concepcion-biblica-del-tiempo\/","title":{"rendered":"El A\u00f1o Nuevo y la concepci\u00f3n b\u00edblica del tiempo"},"content":{"rendered":"<div class=\"fusion-fullwidth fullwidth-box fusion-builder-row-1 fusion-flex-container nonhundred-percent-fullwidth non-hundred-percent-height-scrolling\" style=\"--awb-border-radius-top-left:0px;--awb-border-radius-top-right:0px;--awb-border-radius-bottom-right:0px;--awb-border-radius-bottom-left:0px;--awb-flex-wrap:wrap;\" ><div class=\"fusion-builder-row fusion-row fusion-flex-align-items-flex-start fusion-flex-content-wrap\" style=\"max-width:1248px;margin-left: calc(-4% \/ 2 );margin-right: calc(-4% \/ 2 );\"><div class=\"fusion-layout-column fusion_builder_column fusion-builder-column-0 fusion_builder_column_1_1 1_1 fusion-flex-column\" style=\"--awb-bg-blend:overlay;--awb-bg-size:cover;--awb-width-large:100%;--awb-margin-top-large:0px;--awb-spacing-right-large:1.92%;--awb-margin-bottom-large:0px;--awb-spacing-left-large:1.92%;--awb-width-medium:100%;--awb-spacing-right-medium:1.92%;--awb-spacing-left-medium:1.92%;--awb-width-small:100%;--awb-spacing-right-small:1.92%;--awb-spacing-left-small:1.92%;\"><div class=\"fusion-column-wrapper fusion-flex-justify-content-flex-start fusion-content-layout-column\"><div class=\"fusion-text fusion-text-1\"><p style=\"text-align: justify;\"><strong>En las civilizaciones antiguas, el A\u00f1o Nuevo nunca fue una simple convenci\u00f3n calend\u00e1rica: marcaba un momento decisivo de renovaci\u00f3n del mundo, inscrito en los grandes ritmos de la naturaleza. Pero, \u00bfc\u00f3mo se sit\u00faa la Biblia con respecto a estas concepciones del tiempo? \u00bfComparte esta visi\u00f3n c\u00edclica o propone otra forma de concebir el tiempo, la historia y el comienzo? Cuestionar la noci\u00f3n del tiempo que pasa es entrar en una reflexi\u00f3n entre la memoria de los or\u00edgenes, la espera de un cumplimiento y el significado para el tiempo presente. <\/strong><\/p>\n<h2 class=\"fusion-responsive-typography-calculated\" style=\"--fontsize: 25; line-height: 1.2;\" data-fontsize=\"25\" data-lineheight=\"30px\">A\u00f1o Nuevo en el antiguo Egipto<\/h2>\n<p style=\"text-align: justify;\">En el antiguo Egipto, el comienzo del a\u00f1o, llamado Wepet Renpet (\u00abla apertura del a\u00f1o\u00bb), estaba estrechamente relacionado con la crecida anual del Nilo, un fen\u00f3meno vital para la supervivencia del pa\u00eds. La crecida de las aguas, que sol\u00eda producirse en pleno verano, hacia julio, depositaba el limo f\u00e9rtil indispensable para la agricultura y condicionaba toda la econom\u00eda, la alimentaci\u00f3n y la estabilidad del reino. Este ritmo natural, del que depend\u00eda la vida misma de Egipto, adquiri\u00f3 por tanto un gran significado religioso. El A\u00f1o Nuevo tambi\u00e9n coincid\u00eda con la salida heliaca de la estrella Sirio, un acontecimiento astron\u00f3mico percibido como un signo c\u00f3smico de renacimiento. En esta ocasi\u00f3n, el tiempo no solo se contaba: se reabr\u00eda, se relanzaba, se regeneraba. Las fiestas inclu\u00edan ritos de protecci\u00f3n y bendici\u00f3n para el a\u00f1o venidero, pero tambi\u00e9n procesiones solemnes, durante las cuales se sacaban las estatuas de los dioses de los templos. Al recorrer el espacio humano, las divinidades manifestaban su presencia activa y renovaban simb\u00f3licamente el orden del mundo. El paso al nuevo a\u00f1o era, por tanto, un momento que tra\u00eda esperanza y estaba cargado de fragilidad: un umbral en el que hab\u00eda que reafirmar ritualmente el equilibrio entre el orden y el caos.<\/p>\n<p><img decoding=\"async\" class=\"size-full wp-image-16941 aligncenter\" src=\"https:\/\/via-egeria.com\/wp-content\/uploads\/2026\/01\/personnification-Nil-4389421.png\" alt=\"personificaci\u00f3n-nilo\" width=\"605\" height=\"574\" srcset=\"https:\/\/via-egeria.com\/wp-content\/uploads\/2026\/01\/personnification-Nil-4389421-200x190.png 200w, https:\/\/via-egeria.com\/wp-content\/uploads\/2026\/01\/personnification-Nil-4389421-300x285.png 300w, https:\/\/via-egeria.com\/wp-content\/uploads\/2026\/01\/personnification-Nil-4389421-400x380.png 400w, https:\/\/via-egeria.com\/wp-content\/uploads\/2026\/01\/personnification-Nil-4389421-600x569.png 600w, https:\/\/via-egeria.com\/wp-content\/uploads\/2026\/01\/personnification-Nil-4389421.png 605w\" sizes=\"(max-width: 605px) 100vw, 605px\" \/><\/p>\n<p style=\"text-align: center; font-size: 13px;\" data-fusion-font=\"true\">Doble representaci\u00f3n de H\u00e2py, el antiguo dios egipcio del Nilo y sus crecidas, en el motivo del sema-tawy, s\u00edmbolo de la unificaci\u00f3n de las Dos Tierras. Une los emblemas del Alto Egipto (el loto, mitad izquierda) y del Bajo Egipto (el papiro, mitad derecha), mientras que la vegetaci\u00f3n, los pechos desarrollados y el vientre redondeado simbolizan la fertilidad, y la piel azul simboliza el agua vivificante del Nilo.<\/p>\n<p style=\"text-align: center; font-size: 13px;\" data-fusion-font=\"true\">Foto : Jeff Dahl, CC BY-SA 4.0 &lt;https:\/\/creativecommons.org\/licenses\/by-sa\/4.0, via Wikimedia Commons&gt;<\/p>\n<h2 class=\"fusion-responsive-typography-calculated\" style=\"--fontsize: 25; line-height: 1.2;\" data-fontsize=\"25\" data-lineheight=\"30px\">A\u00f1o Nuevo en Babilonia<\/h2>\n<p style=\"text-align: justify;\">Un esquema similar se encuentra en Babilonia, donde la fiesta de A\u00f1o Nuevo, llamada Ak\u012btu, se celebraba en primavera, alrededor del equinoccio, y duraba varios d\u00edas. Una vez m\u00e1s, no se trataba simplemente de cambiar de a\u00f1o, sino de refundar simb\u00f3licamente el tiempo y el cosmos. La fiesta ten\u00eda como protagonista al dios Marduk, garante del orden universal, cuya victoria sobre las fuerzas del caos se actualizaba ritualmente. Uno de los momentos centrales del Ak\u012btu consist\u00eda precisamente en una procesi\u00f3n de estatuas divinas, que se sacaban de su santuario principal y se llevaban a una \u00abcasa del Ak\u012btu\u00bb situada fuera de la ciudad. Este desplazamiento sagrado mostraba una concepci\u00f3n din\u00e1mica de lo divino: los dioses no permanec\u00edan inm\u00f3viles en sus templos, sino que recorr\u00edan la ciudad y sus alrededores para reordenar el mundo. El propio rey participaba en los ritos, sometido a una humillaci\u00f3n simb\u00f3lica antes de ser restituido en su funci\u00f3n, se\u00f1al de que incluso el poder pol\u00edtico deb\u00eda ser revalidado por el nuevo tiempo.<\/p>\n<p><img decoding=\"async\" class=\"size-full wp-image-16939 aligncenter\" src=\"https:\/\/via-egeria.com\/wp-content\/uploads\/2026\/01\/voie-processionnelle-babylone-6008149.jpg\" alt=\"voie-processionnelle-babylone\" width=\"605\" height=\"403\" srcset=\"https:\/\/via-egeria.com\/wp-content\/uploads\/2026\/01\/voie-processionnelle-babylone-6008149-200x133.jpg 200w, https:\/\/via-egeria.com\/wp-content\/uploads\/2026\/01\/voie-processionnelle-babylone-6008149-300x200.jpg 300w, https:\/\/via-egeria.com\/wp-content\/uploads\/2026\/01\/voie-processionnelle-babylone-6008149-400x266.jpg 400w, https:\/\/via-egeria.com\/wp-content\/uploads\/2026\/01\/voie-processionnelle-babylone-6008149-600x400.jpg 600w, https:\/\/via-egeria.com\/wp-content\/uploads\/2026\/01\/voie-processionnelle-babylone-6008149.jpg 605w\" sizes=\"(max-width: 605px) 100vw, 605px\" \/><\/p>\n<p style=\"text-align: center; font-size: 12px;\" data-fusion-font=\"true\">Reconstrucci\u00f3n de la V\u00eda Procesional en el yacimiento de Babilonia.<\/p>\n<p style=\"text-align: center; font-size: 12px;\" data-fusion-font=\"true\">Hamody al-iraqi, CC BY-SA 4.0 &lt;https:\/\/creativecommons.org\/licenses\/by-sa\/4.0&gt;, via Wikimedia Commons<\/p>\n<p style=\"text-align: justify;\">Tanto en Babilonia como en Egipto, el A\u00f1o Nuevo se consideraba un momento decisivo: el tiempo no era lineal, sino c\u00edclico, siempre amenazado por la desintegraci\u00f3n, siempre por recomponer. La procesi\u00f3n de estatuas, visible y p\u00fablica, daba cuerpo a esta convicci\u00f3n fundamental: para que el a\u00f1o comenzara realmente, era necesario que los dioses salieran, caminaran y reafirmaran su presencia en el coraz\u00f3n del mundo humano.<\/p>\n<h2 class=\"fusion-responsive-typography-calculated\" style=\"--fontsize: 25; line-height: 1.2;\" data-fontsize=\"25\" data-lineheight=\"30px\">A\u00f1o Nuevo en Roma<\/h2>\n<p style=\"text-align: justify;\">En el mundo romano, el A\u00f1o Nuevo adopta una forma diferente, pero igualmente reveladora de la antigua forma de concebir el tiempo. En Roma, el 1 de enero se impone progresivamente como el comienzo del a\u00f1o, especialmente a partir del 153 a. C., cuando los c\u00f3nsules asumen el cargo en esa fecha. Esta elecci\u00f3n no es arbitraria: enero est\u00e1 bajo la protecci\u00f3n de Jano, una deidad espec\u00edficamente romana, sin equivalente exacto en los panteones griego u oriental. Jano es el dios de los comienzos, los pasajes y los umbrales (<em>ianua<\/em> significa \u00abla puerta\u00bb), y tradicionalmente se representa con dos caras, una mirando hacia atr\u00e1s y otra hacia delante. Esta iconograf\u00eda expresa una profunda intuici\u00f3n: entrar en un nuevo a\u00f1o supone tanto recordar el tiempo transcurrido como abrirse a lo que est\u00e1 por venir. El A\u00f1o Nuevo romano est\u00e1, por tanto, menos relacionado con un ciclo natural espectacular, como la crecida del Nilo o el equinoccio, que con una reflexi\u00f3n simb\u00f3lica sobre el tiempo humano y pol\u00edtico.<\/p>\n<p><img decoding=\"async\" class=\"size-large wp-image-16937 aligncenter\" src=\"https:\/\/via-egeria.com\/wp-content\/uploads\/2026\/01\/janus-1254960-1024x898.jpg\" alt=\"Jano\" width=\"1024\" height=\"898\" srcset=\"https:\/\/via-egeria.com\/wp-content\/uploads\/2026\/01\/janus-1254960-200x175.jpg 200w, https:\/\/via-egeria.com\/wp-content\/uploads\/2026\/01\/janus-1254960-300x263.jpg 300w, https:\/\/via-egeria.com\/wp-content\/uploads\/2026\/01\/janus-1254960-400x351.jpg 400w, https:\/\/via-egeria.com\/wp-content\/uploads\/2026\/01\/janus-1254960-600x526.jpg 600w, https:\/\/via-egeria.com\/wp-content\/uploads\/2026\/01\/janus-1254960-768x674.jpg 768w, https:\/\/via-egeria.com\/wp-content\/uploads\/2026\/01\/janus-1254960-800x702.jpg 800w, https:\/\/via-egeria.com\/wp-content\/uploads\/2026\/01\/janus-1254960-1024x898.jpg 1024w, https:\/\/via-egeria.com\/wp-content\/uploads\/2026\/01\/janus-1254960.jpg 1133w\" sizes=\"(max-width: 1024px) 100vw, 1024px\" \/><\/p>\n<p style=\"text-align: center; font-size: 12px;\" data-fusion-font=\"true\">Busto del dios Jano, Museos Vaticanos, Vaticano.<\/p>\n<p style=\"text-align: center; font-size: 12px;\" data-fusion-font=\"true\">Fubar Obfusco, Public domain, via Wikimedia Commons<\/p>\n<p style=\"text-align: justify;\">Las calendas de enero daban lugar a ritos religiosos, votos dirigidos a los dioses para el a\u00f1o venidero (vota) e intercambios de regalos llamados strenae, signos de buen augurio. Janus era invocado en primer lugar en las oraciones, ya que ning\u00fan paso, ya fuera espacial, temporal o ritual, pod\u00eda darse sin \u00e9l. Al poner el comienzo del a\u00f1o bajo la mirada de Jano, los romanos afirmaban que el tiempo no es ni neutro ni puramente mec\u00e1nico: es un espacio de responsabilidad, al que se entra conscientemente, mirando tanto lo que se deja atr\u00e1s como lo que se espera.<\/p>\n<h2 class=\"fusion-responsive-typography-calculated\" style=\"--fontsize: 25; line-height: 1.2;\" data-fontsize=\"25\" data-lineheight=\"30px\">El sentido del tiempo en la Biblia<\/h2>\n<p style=\"text-align: justify;\">A diferencia de las grandes civilizaciones antiguas, la Biblia propone una forma profundamente original de concebir el tiempo. Tanto en Egipto como en Babilonia, el tiempo es esencialmente c\u00edclico: las fiestas anuales actualizan, a\u00f1o tras a\u00f1o, un orden c\u00f3smico siempre amenazado, inscrito en el espacio del mito. El ritual no conduce a un final, sino que mantiene al mundo en una repetici\u00f3n necesaria, donde el sentido se repite sin un verdadero cumplimiento final.<\/p>\n<p style=\"text-align: justify;\">La Biblia, por el contrario, rompe con esta l\u00f3gica. El tiempo b\u00edblico es hist\u00f3rico y orientado: avanza hacia una finalidad. La historia humana no est\u00e1 encerrada en un eterno retorno, sino que tiende hacia un cumplimiento de los tiempos, entendido como una revelaci\u00f3n progresiva de Dios, que culmina en la manifestaci\u00f3n de Cristo. Sin embargo, esta concepci\u00f3n no es puramente lineal.<\/p>\n<p style=\"text-align: justify;\">Se puede vislumbrar incluso en la propia lengua hebrea. As\u00ed, la ra\u00edz \u05e7\u05d3\u05dd (qdm) significa tanto \u00abavanzar\u00bb, \u00abadelantarse\u00bb, como designar el punto cardinal este (\u05e7\u05b6\u05d3\u05b6\u05dd \u2013 q\u00e8dem), donde sale el sol. El lugar donde sale el sol remite al origen, al lugar de donde venimos. La relaci\u00f3n entre \u00abavanzar\u00bb y \u00abel origen\u00bb sugiere una intuici\u00f3n muy hermosa: en el pensamiento b\u00edblico, avanzar hacia el futuro implica mirar atr\u00e1s, tener en cuenta nuestro origen, en definitiva, se trata de aprender del pasado para dar sentido al presente. El futuro no es una inc\u00f3gnita arbitraria, sino un camino iluminado por la memoria.<\/p>\n<p style=\"text-align: justify;\">Una l\u00f3gica similar se encuentra en la palabra hebrea para \u00aba\u00f1o\u00bb, \u05e9\u05b8\u05c1\u05e0\u05b8\u05d4 (sh\u0101n\u0101h), derivada de la ra\u00edz de la que proviene el n\u00famero \u00abdos\u00bb. Ahora bien, este n\u00famero evoca tanto la repetici\u00f3n como el cambio. El a\u00f1o no es un simple retorno a lo id\u00e9ntico: comienza de otra manera. Por eso, el tiempo b\u00edblico no puede describirse ni como estrictamente c\u00edclico ni como simplemente lineal. Se asemeja m\u00e1s bien a una espiral, en la que la repetici\u00f3n \u2014la memoria del pasado\u2014 se convierte en portadora de novedad, al tiempo que se orienta hacia un fin. Mientras que el mito se repite sin avanzar, la Biblia convierte la memoria en una fuerza creativa: cada repetici\u00f3n transforma, cada retorno abre un futuro. El sentido no se encuentra en el umbral mismo, como en Janus, sino en la capacidad de habitar el presente a la luz del pasado, para caminar hacia un cumplimiento a\u00fan por venir.<\/p>\n<h2 style=\"text-align: justify;\">C\u00f3mo se traduce esto en la liturgia cristiana<\/h2>\n<p style=\"text-align: justify;\">Esta concepci\u00f3n b\u00edblica del tiempo encuentra su m\u00e1xima expresi\u00f3n en la liturgia cristiana. Para la fe cristiana, el tiempo no est\u00e1 simplemente orientado hacia un fin abstracto: est\u00e1 orientado hacia la revelaci\u00f3n del Hijo de Dios, Jesucristo. Sin embargo, esta revelaci\u00f3n es parad\u00f3jica, ya que al mismo tiempo ya ha ocurrido y a\u00fan se espera. Jes\u00fas se encarn\u00f3 en la historia hace m\u00e1s de dos mil a\u00f1os, y cada a\u00f1o la liturgia lo conmemora: la Navidad, la Epifan\u00eda y luego todo el a\u00f1o lit\u00fargico recuerdan sin cesar esta primera venida, inscrita en el pasado pero siempre fundacional.<\/p>\n<p style=\"text-align: justify;\">Sin embargo, como lo expres\u00f3 con gran sutileza San Bernardo de Claraval, Cristo no viene solo una vez en la historia, ni solo al final de los tiempos, sino seg\u00fan una din\u00e1mica de tres venidas. Entre la venida hist\u00f3rica y la venida gloriosa, hay una venida presente, interior y sacramental. Cristo sigue viniendo hoy a la vida de los creyentes, en particular a trav\u00e9s de la liturgia eucar\u00edstica, donde se entrega realmente, en cuerpo y sangre, a quienes lo reciben. As\u00ed, el tiempo cristiano no es un simple tiempo de espera: ya est\u00e1 habitado por la presencia de Aquel que viene.<\/p>\n<p style=\"text-align: justify;\">Por \u00faltimo, la liturgia mantiene abierta la perspectiva de una realizaci\u00f3n definitiva, la venida definitiva de Cristo, en la que la historia encontrar\u00e1 su pleno sentido, en la que el encuentro ser\u00e1 total y en la que lo que se viv\u00eda en la fe se comprender\u00e1 finalmente con claridad. Por eso la vida cristiana es siempre un camino: avanza entre la memoria, la presencia y la esperanza. En este comienzo de nuevo a\u00f1o, la liturgia nos invita precisamente a entrar en esta conciencia del tiempo como don y como camino: un tiempo moldeado por el recuerdo de la primera venida de Cristo, alimentado por su presencia continua en los sacramentos y orientado hacia la certeza de que nuestra vida, en su propia duraci\u00f3n, est\u00e1 orientada hacia su manifestaci\u00f3n definitiva.<\/p>\n<p style=\"text-align: justify;\">El tiempo nos es dado; lo que importa ahora es c\u00f3mo decidimos vivirlo. Un nuevo a\u00f1o se abre ante nosotros: lo importante no es solo que comience, sino c\u00f3mo sabremos darle sentido.<\/p>\n<\/div><\/div><\/div><\/div><\/div>\n","protected":false},"excerpt":{"rendered":"","protected":false},"author":2,"featured_media":16938,"comment_status":"closed","ping_status":"closed","sticky":false,"template":"","format":"standard","meta":{"footnotes":""},"categories":[100],"tags":[],"class_list":["post-16946","post","type-post","status-publish","format-standard","has-post-thumbnail","hentry","category-antiguo-testamento"],"yoast_head":"<!-- This site is optimized with the Yoast SEO plugin v27.5 - https:\/\/yoast.com\/product\/yoast-seo-wordpress\/ -->\n<title>El A\u00f1o Nuevo y la concepci\u00f3n b\u00edblica del tiempo - Via Egeria<\/title>\n<meta name=\"robots\" content=\"index, follow, max-snippet:-1, max-image-preview:large, max-video-preview:-1\" \/>\n<link rel=\"canonical\" href=\"https:\/\/via-egeria.com\/es\/el-ano-nuevo-y-la-concepcion-biblica-del-tiempo\/\" \/>\n<meta property=\"og:locale\" content=\"es_ES\" \/>\n<meta property=\"og:type\" content=\"article\" \/>\n<meta property=\"og:title\" content=\"El A\u00f1o Nuevo y la concepci\u00f3n b\u00edblica del tiempo - Via Egeria\" \/>\n<meta property=\"og:url\" content=\"https:\/\/via-egeria.com\/es\/el-ano-nuevo-y-la-concepcion-biblica-del-tiempo\/\" \/>\n<meta property=\"og:site_name\" content=\"Via Egeria\" \/>\n<meta property=\"article:publisher\" content=\"https:\/\/www.facebook.com\/people\/Via-Egeria\/100085626621463\/\" \/>\n<meta property=\"article:published_time\" content=\"2026-01-20T05:00:21+00:00\" \/>\n<meta property=\"og:image\" content=\"https:\/\/via-egeria.com\/wp-content\/uploads\/2026\/01\/janus-1254960.jpg\" \/>\n\t<meta property=\"og:image:width\" content=\"1133\" \/>\n\t<meta property=\"og:image:height\" content=\"994\" \/>\n\t<meta property=\"og:image:type\" content=\"image\/jpeg\" \/>\n<meta name=\"author\" content=\"Emanuelle Pastore\" \/>\n<meta name=\"twitter:card\" content=\"summary_large_image\" \/>\n<meta name=\"twitter:label1\" content=\"Escrito por\" \/>\n\t<meta name=\"twitter:data1\" content=\"Emanuelle Pastore\" \/>\n\t<meta name=\"twitter:label2\" content=\"Tiempo de lectura\" \/>\n\t<meta name=\"twitter:data2\" content=\"10 minutos\" \/>\n<script type=\"application\/ld+json\" class=\"yoast-schema-graph\">{\"@context\":\"https:\\\/\\\/schema.org\",\"@graph\":[{\"@type\":\"Article\",\"@id\":\"https:\\\/\\\/via-egeria.com\\\/es\\\/el-ano-nuevo-y-la-concepcion-biblica-del-tiempo\\\/#article\",\"isPartOf\":{\"@id\":\"https:\\\/\\\/via-egeria.com\\\/es\\\/el-ano-nuevo-y-la-concepcion-biblica-del-tiempo\\\/\"},\"author\":{\"name\":\"Emanuelle Pastore\",\"@id\":\"https:\\\/\\\/via-egeria.com\\\/es\\\/#\\\/schema\\\/person\\\/90c0c16d91c15dba3cff233e25df05dd\"},\"headline\":\"El A\u00f1o Nuevo y la concepci\u00f3n b\u00edblica del tiempo\",\"datePublished\":\"2026-01-20T05:00:21+00:00\",\"mainEntityOfPage\":{\"@id\":\"https:\\\/\\\/via-egeria.com\\\/es\\\/el-ano-nuevo-y-la-concepcion-biblica-del-tiempo\\\/\"},\"wordCount\":1962,\"publisher\":{\"@id\":\"https:\\\/\\\/via-egeria.com\\\/es\\\/#organization\"},\"image\":{\"@id\":\"https:\\\/\\\/via-egeria.com\\\/es\\\/el-ano-nuevo-y-la-concepcion-biblica-del-tiempo\\\/#primaryimage\"},\"thumbnailUrl\":\"https:\\\/\\\/via-egeria.com\\\/wp-content\\\/uploads\\\/2026\\\/01\\\/janus-1254960.jpg\",\"articleSection\":[\"Antiguo Testamento\"],\"inLanguage\":\"es\"},{\"@type\":\"WebPage\",\"@id\":\"https:\\\/\\\/via-egeria.com\\\/es\\\/el-ano-nuevo-y-la-concepcion-biblica-del-tiempo\\\/\",\"url\":\"https:\\\/\\\/via-egeria.com\\\/es\\\/el-ano-nuevo-y-la-concepcion-biblica-del-tiempo\\\/\",\"name\":\"El A\u00f1o Nuevo y la concepci\u00f3n b\u00edblica del tiempo - Via Egeria\",\"isPartOf\":{\"@id\":\"https:\\\/\\\/via-egeria.com\\\/es\\\/#website\"},\"primaryImageOfPage\":{\"@id\":\"https:\\\/\\\/via-egeria.com\\\/es\\\/el-ano-nuevo-y-la-concepcion-biblica-del-tiempo\\\/#primaryimage\"},\"image\":{\"@id\":\"https:\\\/\\\/via-egeria.com\\\/es\\\/el-ano-nuevo-y-la-concepcion-biblica-del-tiempo\\\/#primaryimage\"},\"thumbnailUrl\":\"https:\\\/\\\/via-egeria.com\\\/wp-content\\\/uploads\\\/2026\\\/01\\\/janus-1254960.jpg\",\"datePublished\":\"2026-01-20T05:00:21+00:00\",\"breadcrumb\":{\"@id\":\"https:\\\/\\\/via-egeria.com\\\/es\\\/el-ano-nuevo-y-la-concepcion-biblica-del-tiempo\\\/#breadcrumb\"},\"inLanguage\":\"es\",\"potentialAction\":[{\"@type\":\"ReadAction\",\"target\":[\"https:\\\/\\\/via-egeria.com\\\/es\\\/el-ano-nuevo-y-la-concepcion-biblica-del-tiempo\\\/\"]}]},{\"@type\":\"ImageObject\",\"inLanguage\":\"es\",\"@id\":\"https:\\\/\\\/via-egeria.com\\\/es\\\/el-ano-nuevo-y-la-concepcion-biblica-del-tiempo\\\/#primaryimage\",\"url\":\"https:\\\/\\\/via-egeria.com\\\/wp-content\\\/uploads\\\/2026\\\/01\\\/janus-1254960.jpg\",\"contentUrl\":\"https:\\\/\\\/via-egeria.com\\\/wp-content\\\/uploads\\\/2026\\\/01\\\/janus-1254960.jpg\",\"width\":1133,\"height\":994},{\"@type\":\"BreadcrumbList\",\"@id\":\"https:\\\/\\\/via-egeria.com\\\/es\\\/el-ano-nuevo-y-la-concepcion-biblica-del-tiempo\\\/#breadcrumb\",\"itemListElement\":[{\"@type\":\"ListItem\",\"position\":1,\"name\":\"Accueil\",\"item\":\"https:\\\/\\\/via-egeria.com\\\/es\\\/\"},{\"@type\":\"ListItem\",\"position\":2,\"name\":\"El A\u00f1o Nuevo y la concepci\u00f3n b\u00edblica del tiempo\"}]},{\"@type\":\"WebSite\",\"@id\":\"https:\\\/\\\/via-egeria.com\\\/es\\\/#website\",\"url\":\"https:\\\/\\\/via-egeria.com\\\/es\\\/\",\"name\":\"Via Egeria\",\"description\":\"\",\"publisher\":{\"@id\":\"https:\\\/\\\/via-egeria.com\\\/es\\\/#organization\"},\"potentialAction\":[{\"@type\":\"SearchAction\",\"target\":{\"@type\":\"EntryPoint\",\"urlTemplate\":\"https:\\\/\\\/via-egeria.com\\\/es\\\/?s={search_term_string}\"},\"query-input\":{\"@type\":\"PropertyValueSpecification\",\"valueRequired\":true,\"valueName\":\"search_term_string\"}}],\"inLanguage\":\"es\"},{\"@type\":\"Organization\",\"@id\":\"https:\\\/\\\/via-egeria.com\\\/es\\\/#organization\",\"name\":\"Via Egeria\",\"url\":\"https:\\\/\\\/via-egeria.com\\\/es\\\/\",\"logo\":{\"@type\":\"ImageObject\",\"inLanguage\":\"es\",\"@id\":\"https:\\\/\\\/via-egeria.com\\\/es\\\/#\\\/schema\\\/logo\\\/image\\\/\",\"url\":\"https:\\\/\\\/via-egeria.com\\\/wp-content\\\/uploads\\\/2024\\\/11\\\/header-1766340.png\",\"contentUrl\":\"https:\\\/\\\/via-egeria.com\\\/wp-content\\\/uploads\\\/2024\\\/11\\\/header-1766340.png\",\"width\":3948,\"height\":719,\"caption\":\"Via Egeria\"},\"image\":{\"@id\":\"https:\\\/\\\/via-egeria.com\\\/es\\\/#\\\/schema\\\/logo\\\/image\\\/\"},\"sameAs\":[\"https:\\\/\\\/www.facebook.com\\\/people\\\/Via-Egeria\\\/100085626621463\\\/\",\"https:\\\/\\\/www.instagram.com\\\/via_egeria\\\/\"]},{\"@type\":\"Person\",\"@id\":\"https:\\\/\\\/via-egeria.com\\\/es\\\/#\\\/schema\\\/person\\\/90c0c16d91c15dba3cff233e25df05dd\",\"name\":\"Emanuelle Pastore\",\"image\":{\"@type\":\"ImageObject\",\"inLanguage\":\"es\",\"@id\":\"https:\\\/\\\/secure.gravatar.com\\\/avatar\\\/939913da7a2c7a51d99642c9be6bce505dc823dadde0d42e3c2563d0399d387a?s=96&d=mm&r=g\",\"url\":\"https:\\\/\\\/secure.gravatar.com\\\/avatar\\\/939913da7a2c7a51d99642c9be6bce505dc823dadde0d42e3c2563d0399d387a?s=96&d=mm&r=g\",\"contentUrl\":\"https:\\\/\\\/secure.gravatar.com\\\/avatar\\\/939913da7a2c7a51d99642c9be6bce505dc823dadde0d42e3c2563d0399d387a?s=96&d=mm&r=g\",\"caption\":\"Emanuelle Pastore\"},\"url\":\"https:\\\/\\\/via-egeria.com\\\/es\\\/author\\\/emanuelle\\\/\"}]}<\/script>\n<!-- \/ Yoast SEO plugin. -->","yoast_head_json":{"title":"El A\u00f1o Nuevo y la concepci\u00f3n b\u00edblica del tiempo - Via Egeria","robots":{"index":"index","follow":"follow","max-snippet":"max-snippet:-1","max-image-preview":"max-image-preview:large","max-video-preview":"max-video-preview:-1"},"canonical":"https:\/\/via-egeria.com\/es\/el-ano-nuevo-y-la-concepcion-biblica-del-tiempo\/","og_locale":"es_ES","og_type":"article","og_title":"El A\u00f1o Nuevo y la concepci\u00f3n b\u00edblica del tiempo - Via Egeria","og_url":"https:\/\/via-egeria.com\/es\/el-ano-nuevo-y-la-concepcion-biblica-del-tiempo\/","og_site_name":"Via Egeria","article_publisher":"https:\/\/www.facebook.com\/people\/Via-Egeria\/100085626621463\/","article_published_time":"2026-01-20T05:00:21+00:00","og_image":[{"width":1133,"height":994,"url":"https:\/\/via-egeria.com\/wp-content\/uploads\/2026\/01\/janus-1254960.jpg","type":"image\/jpeg"}],"author":"Emanuelle Pastore","twitter_card":"summary_large_image","twitter_misc":{"Escrito por":"Emanuelle Pastore","Tiempo de lectura":"10 minutos"},"schema":{"@context":"https:\/\/schema.org","@graph":[{"@type":"Article","@id":"https:\/\/via-egeria.com\/es\/el-ano-nuevo-y-la-concepcion-biblica-del-tiempo\/#article","isPartOf":{"@id":"https:\/\/via-egeria.com\/es\/el-ano-nuevo-y-la-concepcion-biblica-del-tiempo\/"},"author":{"name":"Emanuelle Pastore","@id":"https:\/\/via-egeria.com\/es\/#\/schema\/person\/90c0c16d91c15dba3cff233e25df05dd"},"headline":"El A\u00f1o Nuevo y la concepci\u00f3n b\u00edblica del tiempo","datePublished":"2026-01-20T05:00:21+00:00","mainEntityOfPage":{"@id":"https:\/\/via-egeria.com\/es\/el-ano-nuevo-y-la-concepcion-biblica-del-tiempo\/"},"wordCount":1962,"publisher":{"@id":"https:\/\/via-egeria.com\/es\/#organization"},"image":{"@id":"https:\/\/via-egeria.com\/es\/el-ano-nuevo-y-la-concepcion-biblica-del-tiempo\/#primaryimage"},"thumbnailUrl":"https:\/\/via-egeria.com\/wp-content\/uploads\/2026\/01\/janus-1254960.jpg","articleSection":["Antiguo Testamento"],"inLanguage":"es"},{"@type":"WebPage","@id":"https:\/\/via-egeria.com\/es\/el-ano-nuevo-y-la-concepcion-biblica-del-tiempo\/","url":"https:\/\/via-egeria.com\/es\/el-ano-nuevo-y-la-concepcion-biblica-del-tiempo\/","name":"El A\u00f1o Nuevo y la concepci\u00f3n b\u00edblica del tiempo - Via Egeria","isPartOf":{"@id":"https:\/\/via-egeria.com\/es\/#website"},"primaryImageOfPage":{"@id":"https:\/\/via-egeria.com\/es\/el-ano-nuevo-y-la-concepcion-biblica-del-tiempo\/#primaryimage"},"image":{"@id":"https:\/\/via-egeria.com\/es\/el-ano-nuevo-y-la-concepcion-biblica-del-tiempo\/#primaryimage"},"thumbnailUrl":"https:\/\/via-egeria.com\/wp-content\/uploads\/2026\/01\/janus-1254960.jpg","datePublished":"2026-01-20T05:00:21+00:00","breadcrumb":{"@id":"https:\/\/via-egeria.com\/es\/el-ano-nuevo-y-la-concepcion-biblica-del-tiempo\/#breadcrumb"},"inLanguage":"es","potentialAction":[{"@type":"ReadAction","target":["https:\/\/via-egeria.com\/es\/el-ano-nuevo-y-la-concepcion-biblica-del-tiempo\/"]}]},{"@type":"ImageObject","inLanguage":"es","@id":"https:\/\/via-egeria.com\/es\/el-ano-nuevo-y-la-concepcion-biblica-del-tiempo\/#primaryimage","url":"https:\/\/via-egeria.com\/wp-content\/uploads\/2026\/01\/janus-1254960.jpg","contentUrl":"https:\/\/via-egeria.com\/wp-content\/uploads\/2026\/01\/janus-1254960.jpg","width":1133,"height":994},{"@type":"BreadcrumbList","@id":"https:\/\/via-egeria.com\/es\/el-ano-nuevo-y-la-concepcion-biblica-del-tiempo\/#breadcrumb","itemListElement":[{"@type":"ListItem","position":1,"name":"Accueil","item":"https:\/\/via-egeria.com\/es\/"},{"@type":"ListItem","position":2,"name":"El A\u00f1o Nuevo y la concepci\u00f3n b\u00edblica del tiempo"}]},{"@type":"WebSite","@id":"https:\/\/via-egeria.com\/es\/#website","url":"https:\/\/via-egeria.com\/es\/","name":"Via Egeria","description":"","publisher":{"@id":"https:\/\/via-egeria.com\/es\/#organization"},"potentialAction":[{"@type":"SearchAction","target":{"@type":"EntryPoint","urlTemplate":"https:\/\/via-egeria.com\/es\/?s={search_term_string}"},"query-input":{"@type":"PropertyValueSpecification","valueRequired":true,"valueName":"search_term_string"}}],"inLanguage":"es"},{"@type":"Organization","@id":"https:\/\/via-egeria.com\/es\/#organization","name":"Via Egeria","url":"https:\/\/via-egeria.com\/es\/","logo":{"@type":"ImageObject","inLanguage":"es","@id":"https:\/\/via-egeria.com\/es\/#\/schema\/logo\/image\/","url":"https:\/\/via-egeria.com\/wp-content\/uploads\/2024\/11\/header-1766340.png","contentUrl":"https:\/\/via-egeria.com\/wp-content\/uploads\/2024\/11\/header-1766340.png","width":3948,"height":719,"caption":"Via Egeria"},"image":{"@id":"https:\/\/via-egeria.com\/es\/#\/schema\/logo\/image\/"},"sameAs":["https:\/\/www.facebook.com\/people\/Via-Egeria\/100085626621463\/","https:\/\/www.instagram.com\/via_egeria\/"]},{"@type":"Person","@id":"https:\/\/via-egeria.com\/es\/#\/schema\/person\/90c0c16d91c15dba3cff233e25df05dd","name":"Emanuelle Pastore","image":{"@type":"ImageObject","inLanguage":"es","@id":"https:\/\/secure.gravatar.com\/avatar\/939913da7a2c7a51d99642c9be6bce505dc823dadde0d42e3c2563d0399d387a?s=96&d=mm&r=g","url":"https:\/\/secure.gravatar.com\/avatar\/939913da7a2c7a51d99642c9be6bce505dc823dadde0d42e3c2563d0399d387a?s=96&d=mm&r=g","contentUrl":"https:\/\/secure.gravatar.com\/avatar\/939913da7a2c7a51d99642c9be6bce505dc823dadde0d42e3c2563d0399d387a?s=96&d=mm&r=g","caption":"Emanuelle Pastore"},"url":"https:\/\/via-egeria.com\/es\/author\/emanuelle\/"}]}},"_links":{"self":[{"href":"https:\/\/via-egeria.com\/es\/wp-json\/wp\/v2\/posts\/16946","targetHints":{"allow":["GET"]}}],"collection":[{"href":"https:\/\/via-egeria.com\/es\/wp-json\/wp\/v2\/posts"}],"about":[{"href":"https:\/\/via-egeria.com\/es\/wp-json\/wp\/v2\/types\/post"}],"author":[{"embeddable":true,"href":"https:\/\/via-egeria.com\/es\/wp-json\/wp\/v2\/users\/2"}],"replies":[{"embeddable":true,"href":"https:\/\/via-egeria.com\/es\/wp-json\/wp\/v2\/comments?post=16946"}],"version-history":[{"count":3,"href":"https:\/\/via-egeria.com\/es\/wp-json\/wp\/v2\/posts\/16946\/revisions"}],"predecessor-version":[{"id":16950,"href":"https:\/\/via-egeria.com\/es\/wp-json\/wp\/v2\/posts\/16946\/revisions\/16950"}],"wp:featuredmedia":[{"embeddable":true,"href":"https:\/\/via-egeria.com\/es\/wp-json\/wp\/v2\/media\/16938"}],"wp:attachment":[{"href":"https:\/\/via-egeria.com\/es\/wp-json\/wp\/v2\/media?parent=16946"}],"wp:term":[{"taxonomy":"category","embeddable":true,"href":"https:\/\/via-egeria.com\/es\/wp-json\/wp\/v2\/categories?post=16946"},{"taxonomy":"post_tag","embeddable":true,"href":"https:\/\/via-egeria.com\/es\/wp-json\/wp\/v2\/tags?post=16946"}],"curies":[{"name":"wp","href":"https:\/\/api.w.org\/{rel}","templated":true}]}}