{"id":17224,"date":"2026-04-28T19:04:53","date_gmt":"2026-04-28T17:04:53","guid":{"rendered":"https:\/\/via-egeria.com\/?p=17224"},"modified":"2026-04-28T19:05:26","modified_gmt":"2026-04-28T17:05:26","slug":"de-david-al-mesias-la-dinamica-de-la-alianza","status":"publish","type":"post","link":"https:\/\/via-egeria.com\/es\/de-david-al-mesias-la-dinamica-de-la-alianza\/","title":{"rendered":"De David al Mes\u00edas: la din\u00e1mica de la alianza"},"content":{"rendered":"<p><div class=\"fusion-fullwidth fullwidth-box fusion-builder-row-1 fusion-flex-container has-pattern-background has-mask-background nonhundred-percent-fullwidth non-hundred-percent-height-scrolling\" style=\"--awb-border-radius-top-left:0px;--awb-border-radius-top-right:0px;--awb-border-radius-bottom-right:0px;--awb-border-radius-bottom-left:0px;--awb-flex-wrap:wrap;\" ><div class=\"fusion-builder-row fusion-row fusion-flex-align-items-flex-start fusion-flex-content-wrap\" style=\"max-width:1248px;margin-left: calc(-4% \/ 2 );margin-right: calc(-4% \/ 2 );\"><div class=\"fusion-layout-column fusion_builder_column fusion-builder-column-0 fusion_builder_column_1_1 1_1 fusion-flex-column\" style=\"--awb-bg-size:cover;--awb-width-large:100%;--awb-margin-top-large:0px;--awb-spacing-right-large:1.92%;--awb-margin-bottom-large:20px;--awb-spacing-left-large:1.92%;--awb-width-medium:100%;--awb-order-medium:0;--awb-spacing-right-medium:1.92%;--awb-spacing-left-medium:1.92%;--awb-width-small:100%;--awb-order-small:0;--awb-spacing-right-small:1.92%;--awb-spacing-left-small:1.92%;\"><div class=\"fusion-column-wrapper fusion-column-has-shadow fusion-flex-justify-content-flex-start fusion-content-layout-column\"><div class=\"fusion-text fusion-text-1\"><p style=\"text-align: justify;\"><b>En la Biblia, la relaci\u00f3n entre Dios y su pueblo \u2014y, en un sentido m\u00e1s amplio, entre Dios y la humanidad\u2014 se expresa a trav\u00e9s del concepto de alianza. El t\u00e9rmino hebreo berit remite a la idea de un compromiso solemne, comparable a un contrato. Dios se compromete a proteger y acompa\u00f1ar a aquellos a quienes elige, mientras que a cambio espera su fidelidad. Sin embargo, la experiencia hist\u00f3rica y teol\u00f3gica de Israel muestra que la fidelidad divina siempre supera a la de los hombres, a menudo marcados por la inconstancia y la falta. Es en este contexto donde surge la figura del rey David (1 S 16 \u2013 1 R 2), personaje central de la historia de Israel, elegido por Dios y, sin embargo, profundamente marcado por la fragilidad humana. Con \u00e9l, la alianza adquiere una nueva forma: ya no se refiere \u00fanicamente al pueblo en su conjunto, sino que se inscribe a partir de ahora en una dinast\u00eda. \u00bfC\u00f3mo entender una alianza en la que uno de los socios permanece incansablemente fiel, mientras que el otro vacila sin cesar? \u00bfY qu\u00e9 significa el hecho de que esta alianza pase a partir de ahora por la figura de un rey y por su descendencia?       <\/b><\/p>\n<\/div><\/div><\/div><\/div><\/div><div class=\"fusion-fullwidth fullwidth-box fusion-builder-row-2 fusion-flex-container has-pattern-background has-mask-background nonhundred-percent-fullwidth non-hundred-percent-height-scrolling\" style=\"--awb-border-radius-top-left:0px;--awb-border-radius-top-right:0px;--awb-border-radius-bottom-right:0px;--awb-border-radius-bottom-left:0px;--awb-flex-wrap:wrap;\" ><div class=\"fusion-builder-row fusion-row fusion-flex-align-items-flex-start fusion-flex-content-wrap\" style=\"max-width:1248px;margin-left: calc(-4% \/ 2 );margin-right: calc(-4% \/ 2 );\"><div class=\"fusion-layout-column fusion_builder_column fusion-builder-column-1 fusion_builder_column_1_1 1_1 fusion-flex-column\" style=\"--awb-bg-size:cover;--awb-width-large:100%;--awb-margin-top-large:0px;--awb-spacing-right-large:1.92%;--awb-margin-bottom-large:20px;--awb-spacing-left-large:1.92%;--awb-width-medium:100%;--awb-order-medium:0;--awb-spacing-right-medium:1.92%;--awb-spacing-left-medium:1.92%;--awb-width-small:100%;--awb-order-small:0;--awb-spacing-right-small:1.92%;--awb-spacing-left-small:1.92%;\"><div class=\"fusion-column-wrapper fusion-column-has-shadow fusion-flex-justify-content-flex-start fusion-content-layout-column\"><div class=\"fusion-text fusion-text-2\"><h2>Una alianza que se ha forjado en numerosas ocasiones<\/h2>\n<p style=\"text-align: justify;\">El concepto de alianza tiene sus ra\u00edces en el contexto jur\u00eddico del Antiguo Oriente Pr\u00f3ximo, donde un soberano pod\u00eda celebrar un tratado con sus vasallos. El rey garantizaba protecci\u00f3n y estabilidad, mientras que los vasallos promet\u00edan lealtad y tributo. El incumplimiento del pacto acarreaba sanciones claramente estipuladas. Los escritores de la Biblia trasladan este modelo jur\u00eddico a la relaci\u00f3n entre Dios y la humanidad: Dios aparece como el se\u00f1or feudal, y el pueblo como la parte dependiente de esta alianza.   <\/p>\n<p style=\"text-align: justify;\">A lo largo de la narraci\u00f3n b\u00edblica se suceden varias alianzas, siempre por iniciativa divina.<\/p>\n<p style=\"text-align: justify;\">En primer lugar, el pacto establecido con No\u00e9 (G\u00e9nesis 9); este tiene un alcance universal, ya que se refiere a todos los seres vivos:<\/p>\n<blockquote style=\"text-align: justify;\">\n<p>Gn 9, 9-10: \u00abHe aqu\u00ed que establezco mi alianza con vosotros y con vuestros descendientes despu\u00e9s de vosotros, y con todos los seres vivos que est\u00e1n con vosotros: aves, ganado, todas las bestias salvajes que est\u00e1n con vosotros; en definitiva, todo lo que ha salido del arca, todos los animales de la tierra\u00bb.<\/p>\n<\/blockquote>\n<p style=\"text-align: justify;\">En el caso de Abraham (G\u00e9nesis 15), la alianza adopta la forma de una promesa unilateral, ya que solo Dios se compromete. Se centra en la descendencia y la tierra: <\/p>\n<blockquote style=\"text-align: justify;\">\n<p>Gn 15, 13.18: \u00abYahv\u00e9 dijo a Abram: \u201cTen presente que tus descendientes ser\u00e1n extranjeros en una tierra que no ser\u00e1 la suya. All\u00ed ser\u00e1n esclavos y ser\u00e1n oprimidos durante cuatrocientos a\u00f1os. [\u2026] Aquel d\u00eda Yahv\u00e9 estableci\u00f3 una alianza con Abram con estas palabras: \u201cA tu descendencia le dar\u00e9 esta tierra\u2026\u201d\u00bb<\/p>\n<\/blockquote>\n<p style=\"text-align: justify;\">El pacto celebrado con Mois\u00e9s y el pueblo de Israel (\u00c9xodo 24) introduce una dimensi\u00f3n expl\u00edcitamente bilateral en la que el pueblo se compromete a observar la Ley, y el pacto se sella mediante un rito sacrificial:<\/p>\n<blockquote style=\"text-align: justify;\">\n<p>\u00c9xodo 24, 7-8: \u00abTom\u00f3 el libro de la Alianza y lo ley\u00f3 al pueblo, que declar\u00f3: \u201cTodo lo que Yahv\u00e9 ha dicho, lo haremos y lo obedeceremos\u201d. [\u2026] Mois\u00e9s, habiendo tomado la sangre, la roci\u00f3 sobre el pueblo y dijo: \u201cEsta es la sangre de la Alianza que Yahv\u00e9 ha celebrado con vosotros en virtud de todas estas cl\u00e1usulas.\u201d\u00bb<\/p>\n<\/blockquote>\n<\/div><\/div><\/div><\/div><\/div><div class=\"fusion-fullwidth fullwidth-box fusion-builder-row-3 fusion-flex-container has-pattern-background has-mask-background nonhundred-percent-fullwidth non-hundred-percent-height-scrolling\" style=\"--awb-border-radius-top-left:0px;--awb-border-radius-top-right:0px;--awb-border-radius-bottom-right:0px;--awb-border-radius-bottom-left:0px;--awb-flex-wrap:wrap;\" ><div class=\"fusion-builder-row fusion-row fusion-flex-align-items-flex-start fusion-flex-content-wrap\" style=\"max-width:1248px;margin-left: calc(-4% \/ 2 );margin-right: calc(-4% \/ 2 );\"><div class=\"fusion-layout-column fusion_builder_column fusion-builder-column-2 fusion_builder_column_1_1 1_1 fusion-flex-column\" style=\"--awb-bg-size:cover;--awb-width-large:100%;--awb-margin-top-large:0px;--awb-spacing-right-large:1.92%;--awb-margin-bottom-large:20px;--awb-spacing-left-large:1.92%;--awb-width-medium:100%;--awb-order-medium:0;--awb-spacing-right-medium:1.92%;--awb-spacing-left-medium:1.92%;--awb-width-small:100%;--awb-order-small:0;--awb-spacing-right-small:1.92%;--awb-spacing-left-small:1.92%;\"><div class=\"fusion-column-wrapper fusion-column-has-shadow fusion-flex-justify-content-flex-start fusion-content-layout-column\"><div class=\"fusion-text fusion-text-3\"><h2>La alianza con David<\/h2>\n<p style=\"text-align: justify;\">En la din\u00e1mica de la alianza, se da un paso decisivo con el rey David (2 Sam 7). De hecho, la dinast\u00eda dav\u00eddica ocupa un lugar singular en la memoria b\u00edblica. El Salmo 89 expresa la promesa divina de un reinado duradero:  <\/p>\n<blockquote style=\"text-align: justify;\">\n<p>Sal 89, 4-5: \u00abHe hecho una alianza con mi elegido, he jurado a David, mi siervo: Para siempre he establecido tu linaje, te edificar\u00e9 un trono de generaci\u00f3n en generaci\u00f3n\u00bb.<\/p>\n<\/blockquote>\n<p style=\"text-align: justify;\">La primac\u00eda de la alianza con David se explica en el relato de la profec\u00eda de Nat\u00e1n que se lee en el segundo libro de Samuel. Este texto describe el momento en que David, ya instalado en su palacio de Jerusal\u00e9n, desea ofrecer a Dios una morada digna de \u00c9l: <\/p>\n<blockquote style=\"text-align: justify;\">\n<p>2 S 7, 1-10: <span style=\"letter-spacing: 0.24px; background-color: rgba(0, 0, 0, 0);\">\u00abCuando el rey se instal\u00f3 en su casa y Yahv\u00e9 lo hab\u00eda librado de todos los enemigos que lo rodeaban, el rey dijo al profeta Nat\u00e1n: \u201c\u00a1Mira! \u00a1Yo habito en una casa de cedro y el arca de Dios habita bajo una tienda!\u00bb Nat\u00e1n respondi\u00f3 al rey: \u00abVe y haz todo lo que te propongas, pues Yahv\u00e9 est\u00e1 contigo\u00bb. Pero, aquella misma noche, la palabra de Yahv\u00e9 se dirigi\u00f3 a Nat\u00e1n en estos t\u00e9rminos: Ve a decir a mi siervo David: As\u00ed dice Yahv\u00e9. \u00bfAcaso t\u00fa me vas a construir una casa para que yo habite en ella? Yo nunca he habitado en una casa desde el d\u00eda en que hice subir a los israelitas de Egipto hasta hoy, sino que he estado en campamento, bajo una tienda y un cobijo. [\u2026] Yo te tom\u00e9 del pastizal, detr\u00e1s de las ovejas, para que fueras jefe de mi pueblo Israel. He estado contigo dondequiera que ibas; he aniquilado ante ti a todos tus enemigos. Te dar\u00e9 un gran nombre, como el de los m\u00e1s grandes de la tierra. Fijar\u00e9 un lugar para mi pueblo Israel, lo plantar\u00e9 all\u00ed, y permanecer\u00e1 en ese lugar\u2026\u00bb  <\/span><\/p>\n<\/blockquote>\n<p style=\"text-align: justify;\">Este pasaje pone de relieve tanto la constante providencia de Dios como la parad\u00f3jica elecci\u00f3n de David, un joven pastor y el \u00faltimo de los hijos de Isa\u00ed (1 S 16). Pero la palabra divina da un giro al proyecto del rey: no ser\u00e1 David quien construya una casa (un templo) para Dios, sino Dios quien construya una \u00abcasa\u00bb para David, es decir, una descendencia real estable. <\/p>\n<blockquote style=\"text-align: justify;\">\n<p>2 S 7, 12-16: <span style=\"letter-spacing: 0.24px; background-color: rgba(0, 0, 0, 0);\">\u00abY cuando tus d\u00edas se hayan cumplido y te hayas acostado con tus padres, mantendr\u00e9 despu\u00e9s de ti la descendencia que ha salido de tus entra\u00f1as y afianzar\u00e9 su reinado. \u00c9l construir\u00e1 una casa para mi Nombre y yo afianzar\u00e9 para siempre su trono real. Yo ser\u00e9 para \u00e9l un padre y \u00e9l ser\u00e1 para m\u00ed un hijo; si comete el mal, lo castigar\u00e9 con vara de hombres y con los golpes que dan los humanos. Pero no le retirar\u00e9 mi favor como se lo retir\u00e9 a Sa\u00fal. Tu casa y tu reino perdurar\u00e1n para siempre ante m\u00ed, y tu trono ser\u00e1 firme para siempre\u00bb.<\/span><\/p>\n<\/blockquote>\n<p style=\"text-align: justify;\">Esta profec\u00eda une, por tanto, dos promesas inseparables: la construcci\u00f3n de un templo y la garant\u00eda de una dinast\u00eda.<\/p>\n<\/div><\/div><\/div><\/div><\/div><div class=\"fusion-fullwidth fullwidth-box fusion-builder-row-4 fusion-flex-container has-pattern-background has-mask-background nonhundred-percent-fullwidth non-hundred-percent-height-scrolling\" style=\"--awb-border-radius-top-left:0px;--awb-border-radius-top-right:0px;--awb-border-radius-bottom-right:0px;--awb-border-radius-bottom-left:0px;--awb-flex-wrap:wrap;\" ><div class=\"fusion-builder-row fusion-row fusion-flex-align-items-flex-start fusion-flex-content-wrap\" style=\"max-width:1248px;margin-left: calc(-4% \/ 2 );margin-right: calc(-4% \/ 2 );\"><div class=\"fusion-layout-column fusion_builder_column fusion-builder-column-3 fusion_builder_column_1_1 1_1 fusion-flex-column\" style=\"--awb-bg-size:cover;--awb-width-large:100%;--awb-margin-top-large:0px;--awb-spacing-right-large:1.92%;--awb-margin-bottom-large:20px;--awb-spacing-left-large:1.92%;--awb-width-medium:100%;--awb-order-medium:0;--awb-spacing-right-medium:1.92%;--awb-spacing-left-medium:1.92%;--awb-width-small:100%;--awb-order-small:0;--awb-spacing-right-small:1.92%;--awb-spacing-left-small:1.92%;\"><div class=\"fusion-column-wrapper fusion-column-has-shadow fusion-flex-justify-content-flex-start fusion-content-layout-column\"><div class=\"fusion-image-element awb-imageframe-style awb-imageframe-style-below awb-imageframe-style-1\" style=\"text-align:center;--awb-caption-text-size:12px;--awb-caption-title-font-family:var(--body_typography-font-family);--awb-caption-title-font-weight:var(--body_typography-font-weight);--awb-caption-title-font-style:var(--body_typography-font-style);--awb-caption-title-size:12px;--awb-caption-title-transform:var(--body_typography-text-transform);--awb-caption-title-line-height:var(--body_typography-line-height);--awb-caption-title-letter-spacing:var(--body_typography-letter-spacing);\"><span class=\" fusion-imageframe imageframe-none imageframe-1 hover-type-none\"><img decoding=\"async\" width=\"1024\" height=\"768\" title=\"Basilique Saint Marc (59)\" src=\"https:\/\/via-egeria.com\/wp-content\/uploads\/2026\/04\/Basilique-Saint-Marc-59-1024x768.jpg\" alt class=\"img-responsive wp-image-17215\" srcset=\"https:\/\/via-egeria.com\/wp-content\/uploads\/2026\/04\/Basilique-Saint-Marc-59-200x150.jpg 200w, https:\/\/via-egeria.com\/wp-content\/uploads\/2026\/04\/Basilique-Saint-Marc-59-400x300.jpg 400w, https:\/\/via-egeria.com\/wp-content\/uploads\/2026\/04\/Basilique-Saint-Marc-59-600x450.jpg 600w, https:\/\/via-egeria.com\/wp-content\/uploads\/2026\/04\/Basilique-Saint-Marc-59-800x600.jpg 800w, https:\/\/via-egeria.com\/wp-content\/uploads\/2026\/04\/Basilique-Saint-Marc-59-1200x900.jpg 1200w\" sizes=\"(max-width: 640px) 100vw, 1200px\" \/><\/span><div class=\"awb-imageframe-caption-container\" style=\"text-align:center;\"><div class=\"awb-imageframe-caption\"><div class=\"awb-imageframe-caption-title\">David y Salom\u00f3n. Detalle de un mosaico conservado en el museo de la bas\u00edlica de San Marcos en Venecia. <\/div><p class=\"awb-imageframe-caption-text\">Foto: E. Pastore<\/p><\/div><\/div><\/div><\/div><\/div><\/div><\/div><div class=\"fusion-fullwidth fullwidth-box fusion-builder-row-5 fusion-flex-container has-pattern-background has-mask-background nonhundred-percent-fullwidth non-hundred-percent-height-scrolling\" style=\"--awb-border-radius-top-left:0px;--awb-border-radius-top-right:0px;--awb-border-radius-bottom-right:0px;--awb-border-radius-bottom-left:0px;--awb-flex-wrap:wrap;\" ><div class=\"fusion-builder-row fusion-row fusion-flex-align-items-flex-start fusion-flex-content-wrap\" style=\"max-width:1248px;margin-left: calc(-4% \/ 2 );margin-right: calc(-4% \/ 2 );\"><div class=\"fusion-layout-column fusion_builder_column fusion-builder-column-4 fusion_builder_column_1_1 1_1 fusion-flex-column\" style=\"--awb-bg-size:cover;--awb-width-large:100%;--awb-margin-top-large:0px;--awb-spacing-right-large:1.92%;--awb-margin-bottom-large:20px;--awb-spacing-left-large:1.92%;--awb-width-medium:100%;--awb-order-medium:0;--awb-spacing-right-medium:1.92%;--awb-spacing-left-medium:1.92%;--awb-width-small:100%;--awb-order-small:0;--awb-spacing-right-small:1.92%;--awb-spacing-left-small:1.92%;\"><div class=\"fusion-column-wrapper fusion-column-has-shadow fusion-flex-justify-content-flex-start fusion-content-layout-column\"><div class=\"fusion-text fusion-text-4\"><h2>La construcci\u00f3n del templo<\/h2>\n<p style=\"text-align: justify;\">La construcci\u00f3n del templo correr\u00e1 a cargo del hijo de David, Salom\u00f3n (1 R 6\u20138; 1 Cr 28). David, debido a su pasado como rey guerrero, no pod\u00eda construir ese lugar destinado a ser un espacio de paz. Salom\u00f3n, cuyo nombre deriva de la ra\u00edz shalom, encarna, por el contrario, esa dimensi\u00f3n pac\u00edfica. Adem\u00e1s, posee la sabidur\u00eda necesaria para llevar a cabo esa tarea.   <\/p>\n<blockquote style=\"text-align: justify;\">\n<p>1 R 3, 4-12: \u00ac4 El rey se dirigi\u00f3 a Gaba\u00f3n para ofrecer all\u00ed sacrificios, pues all\u00ed se encontraba el mayor de los altos; Salom\u00f3n ofreci\u00f3 mil holocaustos en ese altar. \u00ac5 En Gaba\u00f3n, Yahv\u00e9 se le apareci\u00f3 a Salom\u00f3n por la noche en un sue\u00f1o. Dios le dijo: \u00abPide lo que quieras que te d\u00e9\u00bb. \u00ac6 Salom\u00f3n respondi\u00f3: \u00ab\u00ac8 Tu siervo est\u00e1 en medio del pueblo que t\u00fa has elegido, un pueblo numeroso, tan numeroso que no se puede contar ni censar. \u00ac9 Da a tu siervo un coraz\u00f3n que escuche para gobernar a tu pueblo, para discernir entre el bien y el mal, pues \u00bfqui\u00e9n podr\u00eda gobernar a tu pueblo, que es tan grande?\u00bb. \u00ac10 Agrad\u00f3 al Se\u00f1or que Salom\u00f3n hubiera hecho esta petici\u00f3n; \u00ac11 y Dios le dijo: \u00abPorque has pedido esto, y no has pedido para ti largos d\u00edas, ni riquezas, ni la vida de tus enemigos, sino que has pedido para ti discernimiento para juzgar, \u00ac12 he aqu\u00ed que har\u00e9 lo que has dicho: te dar\u00e9 un coraz\u00f3n sabio e inteligente como nadie lo ha tenido antes de ti y como nadie lo tendr\u00e1 despu\u00e9s de ti\u00bb.  <\/p>\n<\/blockquote>\n<p style=\"text-align: justify;\">Esta escena fundacional establece un v\u00ednculo directo entre la sabidur\u00eda y la capacidad de gobernar, pero tambi\u00e9n entre la sabidur\u00eda y la capacidad de construir. Desde la perspectiva b\u00edblica, construir el templo no es solo una cuesti\u00f3n de destreza t\u00e9cnica: se trata de un acto que implica una comprensi\u00f3n adecuada del orden del mundo. De hecho, el templo se concibe como una micro-representaci\u00f3n del cosmos, un espacio ordenado en el que se reflejan las estructuras de la creaci\u00f3n.  <\/p>\n<p style=\"text-align: justify;\">Recibir un \u00abcoraz\u00f3n que escucha\u00bb significa, por tanto, ser capaz de discernir ese orden y ajustarse a \u00e9l de manera concreta. Esta sabidur\u00eda, profundamente pr\u00e1ctica, se manifiesta en la capacidad tanto de gobernar con justicia como de construir un espacio acorde con la armon\u00eda del mundo. Es precisamente esta aptitud la que distingue a Salom\u00f3n como constructor del templo.  <\/p>\n<\/div><\/div><\/div><\/div><\/div><div class=\"fusion-fullwidth fullwidth-box fusion-builder-row-6 fusion-flex-container has-pattern-background has-mask-background nonhundred-percent-fullwidth non-hundred-percent-height-scrolling\" style=\"--awb-border-radius-top-left:0px;--awb-border-radius-top-right:0px;--awb-border-radius-bottom-right:0px;--awb-border-radius-bottom-left:0px;--awb-flex-wrap:wrap;\" ><div class=\"fusion-builder-row fusion-row fusion-flex-align-items-flex-start fusion-flex-content-wrap\" style=\"max-width:1248px;margin-left: calc(-4% \/ 2 );margin-right: calc(-4% \/ 2 );\"><div class=\"fusion-layout-column fusion_builder_column fusion-builder-column-5 fusion_builder_column_1_1 1_1 fusion-flex-column\" style=\"--awb-bg-size:cover;--awb-width-large:100%;--awb-margin-top-large:0px;--awb-spacing-right-large:1.92%;--awb-margin-bottom-large:20px;--awb-spacing-left-large:1.92%;--awb-width-medium:100%;--awb-order-medium:0;--awb-spacing-right-medium:1.92%;--awb-spacing-left-medium:1.92%;--awb-width-small:100%;--awb-order-small:0;--awb-spacing-right-small:1.92%;--awb-spacing-left-small:1.92%;\"><div class=\"fusion-column-wrapper fusion-column-has-shadow fusion-flex-justify-content-flex-start fusion-content-layout-column\"><div class=\"fusion-image-element awb-imageframe-style awb-imageframe-style-below awb-imageframe-style-2\" style=\"text-align:center;--awb-caption-text-size:12px;--awb-caption-title-font-family:var(--body_typography-font-family);--awb-caption-title-font-weight:var(--body_typography-font-weight);--awb-caption-title-font-style:var(--body_typography-font-style);--awb-caption-title-size:12px;--awb-caption-title-transform:var(--body_typography-text-transform);--awb-caption-title-line-height:var(--body_typography-line-height);--awb-caption-title-letter-spacing:var(--body_typography-letter-spacing);\"><span class=\" fusion-imageframe imageframe-none imageframe-2 hover-type-none\"><img decoding=\"async\" width=\"1024\" height=\"588\" title=\"Jerusalem_Modell_BW_2\" src=\"https:\/\/via-egeria.com\/wp-content\/uploads\/2026\/04\/Jerusalem_Modell_BW_2-1024x588.jpg\" alt class=\"img-responsive wp-image-17219\" srcset=\"https:\/\/via-egeria.com\/wp-content\/uploads\/2026\/04\/Jerusalem_Modell_BW_2-200x115.jpg 200w, https:\/\/via-egeria.com\/wp-content\/uploads\/2026\/04\/Jerusalem_Modell_BW_2-400x230.jpg 400w, https:\/\/via-egeria.com\/wp-content\/uploads\/2026\/04\/Jerusalem_Modell_BW_2-600x345.jpg 600w, https:\/\/via-egeria.com\/wp-content\/uploads\/2026\/04\/Jerusalem_Modell_BW_2-800x460.jpg 800w, https:\/\/via-egeria.com\/wp-content\/uploads\/2026\/04\/Jerusalem_Modell_BW_2-1200x689.jpg 1200w, https:\/\/via-egeria.com\/wp-content\/uploads\/2026\/04\/Jerusalem_Modell_BW_2.jpg 1920w\" sizes=\"(max-width: 640px) 100vw, 1200px\" \/><\/span><div class=\"awb-imageframe-caption-container\" style=\"text-align:center;\"><div class=\"awb-imageframe-caption\"><div class=\"awb-imageframe-caption-title\">Maqueta del templo de Herodes, Jerusal\u00e9n, Museo de Israel<\/div><p class=\"awb-imageframe-caption-text\">Berthold Werner, Public domain, via Wikimedia Commons<\/p><\/div><\/div><\/div><\/div><\/div><\/div><\/div><div class=\"fusion-fullwidth fullwidth-box fusion-builder-row-7 fusion-flex-container has-pattern-background has-mask-background nonhundred-percent-fullwidth non-hundred-percent-height-scrolling\" style=\"--awb-border-radius-top-left:0px;--awb-border-radius-top-right:0px;--awb-border-radius-bottom-right:0px;--awb-border-radius-bottom-left:0px;--awb-flex-wrap:wrap;\" ><div class=\"fusion-builder-row fusion-row fusion-flex-align-items-flex-start fusion-flex-content-wrap\" style=\"max-width:1248px;margin-left: calc(-4% \/ 2 );margin-right: calc(-4% \/ 2 );\"><div class=\"fusion-layout-column fusion_builder_column fusion-builder-column-6 fusion_builder_column_1_1 1_1 fusion-flex-column\" style=\"--awb-bg-size:cover;--awb-width-large:100%;--awb-margin-top-large:0px;--awb-spacing-right-large:1.92%;--awb-margin-bottom-large:20px;--awb-spacing-left-large:1.92%;--awb-width-medium:100%;--awb-order-medium:0;--awb-spacing-right-medium:1.92%;--awb-spacing-left-medium:1.92%;--awb-width-small:100%;--awb-order-small:0;--awb-spacing-right-small:1.92%;--awb-spacing-left-small:1.92%;\"><div class=\"fusion-column-wrapper fusion-column-has-shadow fusion-flex-justify-content-flex-start fusion-content-layout-column\"><div class=\"fusion-text fusion-text-5\"><h2>Una dinastia eterna<\/h2>\n<p style=\"text-align: justify;\">La segunda dimensi\u00f3n de la alianza dav\u00eddica se refiere a la estabilidad de la dinast\u00eda. Sin embargo, la familia dav\u00eddica se extingui\u00f3 con la toma de Jerusal\u00e9n por parte de los babilonios en el siglo VI a. C. \u00bfSignifica esto que la promesa divina formulada a trav\u00e9s del profeta Nat\u00e1n ha quedado sin efecto? Por supuesto que no, ya que a partir de esa \u00e9poca surgieron esperanzas de restauraci\u00f3n de la realeza dav\u00eddica, expresadas especialmente en la famosa visi\u00f3n de Isa\u00edas 11:<\/p>\n<blockquote style=\"text-align: justify;\">\n<p>Is 11, 1-5: \u00abSaldr\u00e1 un renuevo del tronco de Jes\u00e9, y un v\u00e1stago brotar\u00e1 de sus ra\u00edces. Sobre \u00e9l reposar\u00e1 el Esp\u00edritu del Se\u00f1or: esp\u00edritu de sabidur\u00eda e inteligencia, esp\u00edritu de consejo y de fortaleza, esp\u00edritu de conocimiento y de temor del Se\u00f1or. [\u2026] La justicia ser\u00e1 el cintur\u00f3n de sus lomos, y la fidelidad el cintur\u00f3n de sus caderas. \u00bb<\/p>\n<\/blockquote>\n<p style=\"text-align: justify;\">Dado que Jes\u00e9 era el padre de David, la met\u00e1fora del renuevo de Jes\u00e9 remite a la ra\u00edz misma de la realeza del pasado, pero sugiere al mismo tiempo que esa realeza es nueva, de otro tipo.<\/p>\n<p style=\"text-align: justify;\">En la tradici\u00f3n cristiana, este v\u00e1stago del tronco de Jes\u00e9 se interpretar\u00e1 como el Mes\u00edas venidero y, por consiguiente, se integrar\u00e1 en la genealog\u00eda de Jes\u00fas (Mt 1). A este se le califica como el Mes\u00edas, \u00abhijo de David\u00bb (Mt 9, 27; Mc 10, 47), inaugurando un reino que no es de este mundo: <\/p>\n<blockquote style=\"text-align: justify;\">\n<p>Jn 18, 36: Jes\u00fas respondi\u00f3: \u00abMi reino no es de este mundo. Si mi reino fuera de este mundo, mis seguidores habr\u00edan luchado para que no fuera entregado a los jud\u00edos. Pero mi reino no es de aqu\u00ed\u00bb.<\/p>\n<\/blockquote>\n<p style=\"text-align: justify;\">Adem\u00e1s, el Mes\u00edas, hijo de David, es tambi\u00e9n aquel a quien le corresponde construir el nuevo templo, a semejanza de un nuevo Salom\u00f3n. Pero el templo que Jes\u00fas edifica ya no es un edificio de piedra: es su propio cuerpo, presentado como el nuevo lugar de encuentro entre Dios y la humanidad. <\/p>\n<blockquote style=\"text-align: justify;\">\n<p>Jn 2, 19-21: \u00ac19 Jes\u00fas les respondi\u00f3: \u00abDestruid este templo y en tres d\u00edas lo levantar\u00e9 de nuevo. \u00bb \u00ac20 Entonces le dijeron los jud\u00edos: \u00abHan hecho falta cuarenta y seis a\u00f1os para construir este templo, \u00bfy t\u00fa lo vas a levantar en tres d\u00edas?\u00bb \u00ac21 Pero \u00e9l hablaba del templo de su cuerpo.<\/p>\n<\/blockquote>\n<p style=\"text-align: justify;\">As\u00ed, la alianza sellada con David se articula en torno a una doble promesa inseparable: la de una \u00abcasa\u00bb din\u00e1stica y la de una \u00abcasa\u00bb para el nombre de Dios, el templo (2 S 7). Si bien la historia parece contradecir en un primer momento la estabilidad de la dinast\u00eda, la esperanza prof\u00e9tica reinterpreta su alcance abri\u00e9ndola hacia un futuro. En la tradici\u00f3n cristiana, se entiende que esta doble promesa converge en la persona de Jes\u00fas: reconocido como \u00abhijo de David\u00bb, cumple la promesa real, al tiempo que redefine el templo como lugar de la presencia divina, ya no en un edificio, sino en su propia persona (Jn 2, 19-21).   <span style=\"letter-spacing: 0.24px; background-color: rgba(0, 0, 0, 0);\">Estas dos dimensiones \u2014la realeza y el templo\u2014 constituyen, por tanto, el n\u00facleo del pacto dav\u00eddico.<\/span><\/p>\n<\/div><\/div><\/div><\/div><\/div><div class=\"fusion-fullwidth fullwidth-box fusion-builder-row-8 fusion-flex-container has-pattern-background has-mask-background nonhundred-percent-fullwidth non-hundred-percent-height-scrolling\" style=\"--awb-border-radius-top-left:0px;--awb-border-radius-top-right:0px;--awb-border-radius-bottom-right:0px;--awb-border-radius-bottom-left:0px;--awb-flex-wrap:wrap;\" ><div class=\"fusion-builder-row fusion-row fusion-flex-align-items-flex-start fusion-flex-content-wrap\" style=\"max-width:1248px;margin-left: calc(-4% \/ 2 );margin-right: calc(-4% \/ 2 );\"><div class=\"fusion-layout-column fusion_builder_column fusion-builder-column-7 fusion_builder_column_1_1 1_1 fusion-flex-column\" style=\"--awb-bg-size:cover;--awb-width-large:100%;--awb-margin-top-large:0px;--awb-spacing-right-large:1.92%;--awb-margin-bottom-large:20px;--awb-spacing-left-large:1.92%;--awb-width-medium:100%;--awb-order-medium:0;--awb-spacing-right-medium:1.92%;--awb-spacing-left-medium:1.92%;--awb-width-small:100%;--awb-order-small:0;--awb-spacing-right-small:1.92%;--awb-spacing-left-small:1.92%;\"><div class=\"fusion-column-wrapper fusion-column-has-shadow fusion-flex-justify-content-flex-start fusion-content-layout-column\"><div class=\"fusion-image-element awb-imageframe-style awb-imageframe-style-below awb-imageframe-style-3\" style=\"text-align:center;--awb-caption-text-size:12px;--awb-caption-title-font-family:var(--body_typography-font-family);--awb-caption-title-font-weight:var(--body_typography-font-weight);--awb-caption-title-font-style:var(--body_typography-font-style);--awb-caption-title-size:12px;--awb-caption-title-transform:var(--body_typography-text-transform);--awb-caption-title-line-height:var(--body_typography-line-height);--awb-caption-title-letter-spacing:var(--body_typography-letter-spacing);\"><span class=\" fusion-imageframe imageframe-none imageframe-3 hover-type-none\"><img decoding=\"async\" width=\"688\" height=\"1024\" title=\"Arbre de Jess\u00e9\" src=\"https:\/\/via-egeria.com\/wp-content\/uploads\/2026\/04\/Arbre-de-Jesse-688x1024.jpg\" alt class=\"img-responsive wp-image-17221\" srcset=\"https:\/\/via-egeria.com\/wp-content\/uploads\/2026\/04\/Arbre-de-Jesse-200x298.jpg 200w, https:\/\/via-egeria.com\/wp-content\/uploads\/2026\/04\/Arbre-de-Jesse-400x596.jpg 400w, https:\/\/via-egeria.com\/wp-content\/uploads\/2026\/04\/Arbre-de-Jesse-600x893.jpg 600w, https:\/\/via-egeria.com\/wp-content\/uploads\/2026\/04\/Arbre-de-Jesse-800x1191.jpg 800w, https:\/\/via-egeria.com\/wp-content\/uploads\/2026\/04\/Arbre-de-Jesse.jpg 828w\" sizes=\"(max-width: 640px) 100vw, 688px\" \/><\/span><div class=\"awb-imageframe-caption-container\" style=\"text-align:center;\"><div class=\"awb-imageframe-caption\"><div class=\"awb-imageframe-caption-title\">\u00c1rbol de Jes\u00e9 vertical en una Biblia de los Capuchinos, miniaturas en pergamino, BnF (hacia 1180)<\/div><p class=\"awb-imageframe-caption-text\">anonymous, Public domain, via Wikimedia Commons<\/p><\/div><\/div><\/div><\/div><\/div><\/div><\/div><\/p>\n","protected":false},"excerpt":{"rendered":"","protected":false},"author":2,"featured_media":17215,"comment_status":"closed","ping_status":"closed","sticky":false,"template":"","format":"standard","meta":{"footnotes":""},"categories":[100,61],"tags":[],"class_list":["post-17224","post","type-post","status-publish","format-standard","has-post-thumbnail","hentry","category-antiguo-testamento","category-nuevo-testamento"],"yoast_head":"<!-- This site is optimized with the Yoast SEO plugin v27.5 - https:\/\/yoast.com\/product\/yoast-seo-wordpress\/ -->\n<title>De David al Mes\u00edas: la din\u00e1mica de la alianza - Via Egeria<\/title>\n<meta name=\"robots\" content=\"index, follow, max-snippet:-1, max-image-preview:large, max-video-preview:-1\" \/>\n<link rel=\"canonical\" href=\"https:\/\/via-egeria.com\/es\/de-david-al-mesias-la-dinamica-de-la-alianza\/\" \/>\n<meta property=\"og:locale\" content=\"es_ES\" \/>\n<meta property=\"og:type\" content=\"article\" \/>\n<meta property=\"og:title\" content=\"De David al Mes\u00edas: la din\u00e1mica de la alianza - Via Egeria\" \/>\n<meta property=\"og:url\" content=\"https:\/\/via-egeria.com\/es\/de-david-al-mesias-la-dinamica-de-la-alianza\/\" \/>\n<meta property=\"og:site_name\" content=\"Via Egeria\" \/>\n<meta property=\"article:publisher\" content=\"https:\/\/www.facebook.com\/people\/Via-Egeria\/100085626621463\/\" \/>\n<meta property=\"article:published_time\" content=\"2026-04-28T17:04:53+00:00\" \/>\n<meta property=\"article:modified_time\" content=\"2026-04-28T17:05:26+00:00\" \/>\n<meta name=\"author\" content=\"Emanuelle Pastore\" \/>\n<meta name=\"twitter:card\" content=\"summary_large_image\" \/>\n<meta name=\"twitter:label1\" content=\"Escrito por\" \/>\n\t<meta name=\"twitter:data1\" content=\"Emanuelle Pastore\" \/>\n\t<meta name=\"twitter:label2\" content=\"Tiempo de lectura\" \/>\n\t<meta name=\"twitter:data2\" content=\"36 minutos\" \/>\n<script type=\"application\/ld+json\" class=\"yoast-schema-graph\">{\"@context\":\"https:\\\/\\\/schema.org\",\"@graph\":[{\"@type\":\"Article\",\"@id\":\"https:\\\/\\\/via-egeria.com\\\/es\\\/de-david-al-mesias-la-dinamica-de-la-alianza\\\/#article\",\"isPartOf\":{\"@id\":\"https:\\\/\\\/via-egeria.com\\\/es\\\/de-david-al-mesias-la-dinamica-de-la-alianza\\\/\"},\"author\":{\"name\":\"Emanuelle Pastore\",\"@id\":\"https:\\\/\\\/via-egeria.com\\\/es\\\/#\\\/schema\\\/person\\\/90c0c16d91c15dba3cff233e25df05dd\"},\"headline\":\"De David al Mes\u00edas: la din\u00e1mica de la alianza\",\"datePublished\":\"2026-04-28T17:04:53+00:00\",\"dateModified\":\"2026-04-28T17:05:26+00:00\",\"mainEntityOfPage\":{\"@id\":\"https:\\\/\\\/via-egeria.com\\\/es\\\/de-david-al-mesias-la-dinamica-de-la-alianza\\\/\"},\"wordCount\":7214,\"publisher\":{\"@id\":\"https:\\\/\\\/via-egeria.com\\\/es\\\/#organization\"},\"image\":{\"@id\":\"https:\\\/\\\/via-egeria.com\\\/es\\\/de-david-al-mesias-la-dinamica-de-la-alianza\\\/#primaryimage\"},\"thumbnailUrl\":\"https:\\\/\\\/via-egeria.com\\\/wp-content\\\/uploads\\\/2026\\\/04\\\/Basilique-Saint-Marc-59-scaled.jpg\",\"articleSection\":[\"Antiguo Testamento\",\"Nuevo Testamento\"],\"inLanguage\":\"es\"},{\"@type\":\"WebPage\",\"@id\":\"https:\\\/\\\/via-egeria.com\\\/es\\\/de-david-al-mesias-la-dinamica-de-la-alianza\\\/\",\"url\":\"https:\\\/\\\/via-egeria.com\\\/es\\\/de-david-al-mesias-la-dinamica-de-la-alianza\\\/\",\"name\":\"De David al Mes\u00edas: la din\u00e1mica de la alianza - Via Egeria\",\"isPartOf\":{\"@id\":\"https:\\\/\\\/via-egeria.com\\\/es\\\/#website\"},\"primaryImageOfPage\":{\"@id\":\"https:\\\/\\\/via-egeria.com\\\/es\\\/de-david-al-mesias-la-dinamica-de-la-alianza\\\/#primaryimage\"},\"image\":{\"@id\":\"https:\\\/\\\/via-egeria.com\\\/es\\\/de-david-al-mesias-la-dinamica-de-la-alianza\\\/#primaryimage\"},\"thumbnailUrl\":\"https:\\\/\\\/via-egeria.com\\\/wp-content\\\/uploads\\\/2026\\\/04\\\/Basilique-Saint-Marc-59-scaled.jpg\",\"datePublished\":\"2026-04-28T17:04:53+00:00\",\"dateModified\":\"2026-04-28T17:05:26+00:00\",\"breadcrumb\":{\"@id\":\"https:\\\/\\\/via-egeria.com\\\/es\\\/de-david-al-mesias-la-dinamica-de-la-alianza\\\/#breadcrumb\"},\"inLanguage\":\"es\",\"potentialAction\":[{\"@type\":\"ReadAction\",\"target\":[\"https:\\\/\\\/via-egeria.com\\\/es\\\/de-david-al-mesias-la-dinamica-de-la-alianza\\\/\"]}]},{\"@type\":\"ImageObject\",\"inLanguage\":\"es\",\"@id\":\"https:\\\/\\\/via-egeria.com\\\/es\\\/de-david-al-mesias-la-dinamica-de-la-alianza\\\/#primaryimage\",\"url\":\"https:\\\/\\\/via-egeria.com\\\/wp-content\\\/uploads\\\/2026\\\/04\\\/Basilique-Saint-Marc-59-scaled.jpg\",\"contentUrl\":\"https:\\\/\\\/via-egeria.com\\\/wp-content\\\/uploads\\\/2026\\\/04\\\/Basilique-Saint-Marc-59-scaled.jpg\",\"width\":2560,\"height\":1920},{\"@type\":\"BreadcrumbList\",\"@id\":\"https:\\\/\\\/via-egeria.com\\\/es\\\/de-david-al-mesias-la-dinamica-de-la-alianza\\\/#breadcrumb\",\"itemListElement\":[{\"@type\":\"ListItem\",\"position\":1,\"name\":\"Accueil\",\"item\":\"https:\\\/\\\/via-egeria.com\\\/es\\\/\"},{\"@type\":\"ListItem\",\"position\":2,\"name\":\"De David al Mes\u00edas: la din\u00e1mica de la alianza\"}]},{\"@type\":\"WebSite\",\"@id\":\"https:\\\/\\\/via-egeria.com\\\/es\\\/#website\",\"url\":\"https:\\\/\\\/via-egeria.com\\\/es\\\/\",\"name\":\"Via Egeria\",\"description\":\"\",\"publisher\":{\"@id\":\"https:\\\/\\\/via-egeria.com\\\/es\\\/#organization\"},\"potentialAction\":[{\"@type\":\"SearchAction\",\"target\":{\"@type\":\"EntryPoint\",\"urlTemplate\":\"https:\\\/\\\/via-egeria.com\\\/es\\\/?s={search_term_string}\"},\"query-input\":{\"@type\":\"PropertyValueSpecification\",\"valueRequired\":true,\"valueName\":\"search_term_string\"}}],\"inLanguage\":\"es\"},{\"@type\":\"Organization\",\"@id\":\"https:\\\/\\\/via-egeria.com\\\/es\\\/#organization\",\"name\":\"Via Egeria\",\"url\":\"https:\\\/\\\/via-egeria.com\\\/es\\\/\",\"logo\":{\"@type\":\"ImageObject\",\"inLanguage\":\"es\",\"@id\":\"https:\\\/\\\/via-egeria.com\\\/es\\\/#\\\/schema\\\/logo\\\/image\\\/\",\"url\":\"https:\\\/\\\/via-egeria.com\\\/wp-content\\\/uploads\\\/2024\\\/11\\\/header-1766340.png\",\"contentUrl\":\"https:\\\/\\\/via-egeria.com\\\/wp-content\\\/uploads\\\/2024\\\/11\\\/header-1766340.png\",\"width\":3948,\"height\":719,\"caption\":\"Via Egeria\"},\"image\":{\"@id\":\"https:\\\/\\\/via-egeria.com\\\/es\\\/#\\\/schema\\\/logo\\\/image\\\/\"},\"sameAs\":[\"https:\\\/\\\/www.facebook.com\\\/people\\\/Via-Egeria\\\/100085626621463\\\/\",\"https:\\\/\\\/www.instagram.com\\\/via_egeria\\\/\"]},{\"@type\":\"Person\",\"@id\":\"https:\\\/\\\/via-egeria.com\\\/es\\\/#\\\/schema\\\/person\\\/90c0c16d91c15dba3cff233e25df05dd\",\"name\":\"Emanuelle Pastore\",\"image\":{\"@type\":\"ImageObject\",\"inLanguage\":\"es\",\"@id\":\"https:\\\/\\\/secure.gravatar.com\\\/avatar\\\/939913da7a2c7a51d99642c9be6bce505dc823dadde0d42e3c2563d0399d387a?s=96&d=mm&r=g\",\"url\":\"https:\\\/\\\/secure.gravatar.com\\\/avatar\\\/939913da7a2c7a51d99642c9be6bce505dc823dadde0d42e3c2563d0399d387a?s=96&d=mm&r=g\",\"contentUrl\":\"https:\\\/\\\/secure.gravatar.com\\\/avatar\\\/939913da7a2c7a51d99642c9be6bce505dc823dadde0d42e3c2563d0399d387a?s=96&d=mm&r=g\",\"caption\":\"Emanuelle Pastore\"},\"url\":\"https:\\\/\\\/via-egeria.com\\\/es\\\/author\\\/emanuelle\\\/\"}]}<\/script>\n<!-- \/ Yoast SEO plugin. -->","yoast_head_json":{"title":"De David al Mes\u00edas: la din\u00e1mica de la alianza - Via Egeria","robots":{"index":"index","follow":"follow","max-snippet":"max-snippet:-1","max-image-preview":"max-image-preview:large","max-video-preview":"max-video-preview:-1"},"canonical":"https:\/\/via-egeria.com\/es\/de-david-al-mesias-la-dinamica-de-la-alianza\/","og_locale":"es_ES","og_type":"article","og_title":"De David al Mes\u00edas: la din\u00e1mica de la alianza - Via Egeria","og_url":"https:\/\/via-egeria.com\/es\/de-david-al-mesias-la-dinamica-de-la-alianza\/","og_site_name":"Via Egeria","article_publisher":"https:\/\/www.facebook.com\/people\/Via-Egeria\/100085626621463\/","article_published_time":"2026-04-28T17:04:53+00:00","article_modified_time":"2026-04-28T17:05:26+00:00","author":"Emanuelle Pastore","twitter_card":"summary_large_image","twitter_misc":{"Escrito por":"Emanuelle Pastore","Tiempo de lectura":"36 minutos"},"schema":{"@context":"https:\/\/schema.org","@graph":[{"@type":"Article","@id":"https:\/\/via-egeria.com\/es\/de-david-al-mesias-la-dinamica-de-la-alianza\/#article","isPartOf":{"@id":"https:\/\/via-egeria.com\/es\/de-david-al-mesias-la-dinamica-de-la-alianza\/"},"author":{"name":"Emanuelle Pastore","@id":"https:\/\/via-egeria.com\/es\/#\/schema\/person\/90c0c16d91c15dba3cff233e25df05dd"},"headline":"De David al Mes\u00edas: la din\u00e1mica de la alianza","datePublished":"2026-04-28T17:04:53+00:00","dateModified":"2026-04-28T17:05:26+00:00","mainEntityOfPage":{"@id":"https:\/\/via-egeria.com\/es\/de-david-al-mesias-la-dinamica-de-la-alianza\/"},"wordCount":7214,"publisher":{"@id":"https:\/\/via-egeria.com\/es\/#organization"},"image":{"@id":"https:\/\/via-egeria.com\/es\/de-david-al-mesias-la-dinamica-de-la-alianza\/#primaryimage"},"thumbnailUrl":"https:\/\/via-egeria.com\/wp-content\/uploads\/2026\/04\/Basilique-Saint-Marc-59-scaled.jpg","articleSection":["Antiguo Testamento","Nuevo Testamento"],"inLanguage":"es"},{"@type":"WebPage","@id":"https:\/\/via-egeria.com\/es\/de-david-al-mesias-la-dinamica-de-la-alianza\/","url":"https:\/\/via-egeria.com\/es\/de-david-al-mesias-la-dinamica-de-la-alianza\/","name":"De David al Mes\u00edas: la din\u00e1mica de la alianza - Via Egeria","isPartOf":{"@id":"https:\/\/via-egeria.com\/es\/#website"},"primaryImageOfPage":{"@id":"https:\/\/via-egeria.com\/es\/de-david-al-mesias-la-dinamica-de-la-alianza\/#primaryimage"},"image":{"@id":"https:\/\/via-egeria.com\/es\/de-david-al-mesias-la-dinamica-de-la-alianza\/#primaryimage"},"thumbnailUrl":"https:\/\/via-egeria.com\/wp-content\/uploads\/2026\/04\/Basilique-Saint-Marc-59-scaled.jpg","datePublished":"2026-04-28T17:04:53+00:00","dateModified":"2026-04-28T17:05:26+00:00","breadcrumb":{"@id":"https:\/\/via-egeria.com\/es\/de-david-al-mesias-la-dinamica-de-la-alianza\/#breadcrumb"},"inLanguage":"es","potentialAction":[{"@type":"ReadAction","target":["https:\/\/via-egeria.com\/es\/de-david-al-mesias-la-dinamica-de-la-alianza\/"]}]},{"@type":"ImageObject","inLanguage":"es","@id":"https:\/\/via-egeria.com\/es\/de-david-al-mesias-la-dinamica-de-la-alianza\/#primaryimage","url":"https:\/\/via-egeria.com\/wp-content\/uploads\/2026\/04\/Basilique-Saint-Marc-59-scaled.jpg","contentUrl":"https:\/\/via-egeria.com\/wp-content\/uploads\/2026\/04\/Basilique-Saint-Marc-59-scaled.jpg","width":2560,"height":1920},{"@type":"BreadcrumbList","@id":"https:\/\/via-egeria.com\/es\/de-david-al-mesias-la-dinamica-de-la-alianza\/#breadcrumb","itemListElement":[{"@type":"ListItem","position":1,"name":"Accueil","item":"https:\/\/via-egeria.com\/es\/"},{"@type":"ListItem","position":2,"name":"De David al Mes\u00edas: la din\u00e1mica de la alianza"}]},{"@type":"WebSite","@id":"https:\/\/via-egeria.com\/es\/#website","url":"https:\/\/via-egeria.com\/es\/","name":"Via Egeria","description":"","publisher":{"@id":"https:\/\/via-egeria.com\/es\/#organization"},"potentialAction":[{"@type":"SearchAction","target":{"@type":"EntryPoint","urlTemplate":"https:\/\/via-egeria.com\/es\/?s={search_term_string}"},"query-input":{"@type":"PropertyValueSpecification","valueRequired":true,"valueName":"search_term_string"}}],"inLanguage":"es"},{"@type":"Organization","@id":"https:\/\/via-egeria.com\/es\/#organization","name":"Via Egeria","url":"https:\/\/via-egeria.com\/es\/","logo":{"@type":"ImageObject","inLanguage":"es","@id":"https:\/\/via-egeria.com\/es\/#\/schema\/logo\/image\/","url":"https:\/\/via-egeria.com\/wp-content\/uploads\/2024\/11\/header-1766340.png","contentUrl":"https:\/\/via-egeria.com\/wp-content\/uploads\/2024\/11\/header-1766340.png","width":3948,"height":719,"caption":"Via Egeria"},"image":{"@id":"https:\/\/via-egeria.com\/es\/#\/schema\/logo\/image\/"},"sameAs":["https:\/\/www.facebook.com\/people\/Via-Egeria\/100085626621463\/","https:\/\/www.instagram.com\/via_egeria\/"]},{"@type":"Person","@id":"https:\/\/via-egeria.com\/es\/#\/schema\/person\/90c0c16d91c15dba3cff233e25df05dd","name":"Emanuelle Pastore","image":{"@type":"ImageObject","inLanguage":"es","@id":"https:\/\/secure.gravatar.com\/avatar\/939913da7a2c7a51d99642c9be6bce505dc823dadde0d42e3c2563d0399d387a?s=96&d=mm&r=g","url":"https:\/\/secure.gravatar.com\/avatar\/939913da7a2c7a51d99642c9be6bce505dc823dadde0d42e3c2563d0399d387a?s=96&d=mm&r=g","contentUrl":"https:\/\/secure.gravatar.com\/avatar\/939913da7a2c7a51d99642c9be6bce505dc823dadde0d42e3c2563d0399d387a?s=96&d=mm&r=g","caption":"Emanuelle Pastore"},"url":"https:\/\/via-egeria.com\/es\/author\/emanuelle\/"}]}},"_links":{"self":[{"href":"https:\/\/via-egeria.com\/es\/wp-json\/wp\/v2\/posts\/17224","targetHints":{"allow":["GET"]}}],"collection":[{"href":"https:\/\/via-egeria.com\/es\/wp-json\/wp\/v2\/posts"}],"about":[{"href":"https:\/\/via-egeria.com\/es\/wp-json\/wp\/v2\/types\/post"}],"author":[{"embeddable":true,"href":"https:\/\/via-egeria.com\/es\/wp-json\/wp\/v2\/users\/2"}],"replies":[{"embeddable":true,"href":"https:\/\/via-egeria.com\/es\/wp-json\/wp\/v2\/comments?post=17224"}],"version-history":[{"count":3,"href":"https:\/\/via-egeria.com\/es\/wp-json\/wp\/v2\/posts\/17224\/revisions"}],"predecessor-version":[{"id":17258,"href":"https:\/\/via-egeria.com\/es\/wp-json\/wp\/v2\/posts\/17224\/revisions\/17258"}],"wp:featuredmedia":[{"embeddable":true,"href":"https:\/\/via-egeria.com\/es\/wp-json\/wp\/v2\/media\/17215"}],"wp:attachment":[{"href":"https:\/\/via-egeria.com\/es\/wp-json\/wp\/v2\/media?parent=17224"}],"wp:term":[{"taxonomy":"category","embeddable":true,"href":"https:\/\/via-egeria.com\/es\/wp-json\/wp\/v2\/categories?post=17224"},{"taxonomy":"post_tag","embeddable":true,"href":"https:\/\/via-egeria.com\/es\/wp-json\/wp\/v2\/tags?post=17224"}],"curies":[{"name":"wp","href":"https:\/\/api.w.org\/{rel}","templated":true}]}}